{"id":2665,"date":"2022-09-26T08:30:03","date_gmt":"2022-09-26T12:30:03","guid":{"rendered":"https:\/\/digitaltransport4africa.org\/?p=2665"},"modified":"2022-09-26T08:30:03","modified_gmt":"2022-09-26T12:30:03","slug":"digitaltransport4africa-dt4a-at-sustainable-mobility-and-climate-week-2022","status":"publish","type":"post","link":"https:\/\/digitaltransport4africa.org\/fr\/digitaltransport4africa-dt4a-at-sustainable-mobility-and-climate-week-2022\/","title":{"rendered":"DigitalTransport4Africa (DT4A) at Sustainable Mobility and Climate Week 2022"},"content":{"rendered":"<h5><em>[Cross posted from <a href=\"https:\/\/wrirosscities.org\/events\/wri-ross-center-sustainable-mobility-and-climate-week-2022\" target=\"_blank\" rel=\"noopener noreferrer\">WRI Ross Center for Sustainable Cities<\/a>]<\/em><\/h5>\n<p>&nbsp;<\/p>\n<p><a href=\"https:\/\/www.climate-chance.org\/en\/get-involved\/climate-chance-summits\/week-for-sustainable-mobility-and-climate-2022\/\" target=\"_blank\" rel=\"noopener noreferrer\">The Week for Sustainable Mobility and Climate<\/a>, organized by the CODATU Association, CETUD and the Climate Chance Association, will be held in Dakar, Senegal, from October 3-7.<\/p>\n<p>The week will bring together a community of African mobility and climate actors through workshops and plenary sessions to foster dialogue between stakeholders on the challenges of sustainable mobility and to strengthen climate action at the local level. Together, participants of the Week for Sustainable Mobility and Climate will adopt the Dakar Declaration, a high-level contribution to COP27.<\/p>\n<p>WRI Africa in partnership with Agence Fran\u00e7aise de D\u00e9veloppement (AFD) will convene several sessions to highlight the work of\u00a0<a href=\"https:\/\/www.wri.org\/initiatives\/digital-transport-africa\" target=\"_blank\" rel=\"noopener noreferrer\">Digital Transport for Africa (DT4A)<\/a>.<\/p>\n<h4><strong><a href=\"https:\/\/www.climate-chance.org\/en\/get-involved\/climate-chance-summits\/week-for-sustainable-mobility-and-climate-2022\/inscription\/\">General registration is required for all attendees.<\/a><\/strong><\/h4>\n<hr \/>\n<h3><em>Wednesday, October 5<\/em><\/h3>\n<h4><a href=\"https:\/\/www.climate-chance.org\/en\/schedule\/data-policy\/\" target=\"_blank\" rel=\"noopener noreferrer\">Open and Standardized Transport Data Towards Sustainable Mobility<\/a><\/h4>\n<p>The session will examine the possibilities offered by the opening and standardization of transport data in African cities. This will be through several use cases, highlighting Digital Transport for Africa (DT4A), along with inspiring projects from Transport for Cairo (TfC) and Data Transport. A panel discussion with transport authorities, private sector players and non-profit entities will follow to explore the promises and challenges of digitizing transport in Africa.<\/p>\n<p><strong>Time:<\/strong>\u00a0October 5, 11:15-12:45 GMT<\/p>\n<p><strong>Organizers:<\/strong>\u00a0WRI, AFD<\/p>\n<p><strong>Location:<\/strong>\u00a0King Fahd Hotel<\/p>\n<p><strong>Language:<\/strong>\u00a0French<\/p>\n<p><strong>Speakers:<\/strong><\/p>\n<ul>\n<li><strong>Benjamin Welle<\/strong>,\u00a0 Director of Integrated Transport &#038; Innovation, WRI Global<\/li>\n<li><strong>Mohamed Hegazy<\/strong>, Principal &#038; Managing Director, TfC<\/li>\n<li><strong>Emmanuel Bama<\/strong>, Coordinator and Technical Project Manager, Data.Transport<\/li>\n<li><strong>Esthelyne Dusabe<\/strong>, Project Specialist Urban Mobility, WRI Africa<\/li>\n<li><strong>Sylviane Fofana<\/strong>, Head of the Mobility Observatory, AMUGA<\/li>\n<li><strong>Amath Ndiaye<\/strong>, Chef de la Division Observatoire des D\u00e9partements, CETUD<\/li>\n<li><strong>Antoine Chevre<\/strong>, Senior Transport Specialist, AFD (Moderator)<\/li>\n<\/ul>\n<h3><em>Thursday, October 6<\/em><\/h3>\n<h4><a href=\"https:\/\/www.climate-chance.org\/en\/schedule\/electrification-donnees-et-transport-artisanal-en-afrique\/\" target=\"_blank\" rel=\"noopener noreferrer\">Electrification, Data and Informal Transit in Africa<\/a><\/h4>\n<p>The session will examine emerging landscapes of transport electrification in African cities, with an emphasis on electrifying informal transport\/paratransit and the role of data that informs this process. Invited research experts in this field will present their on-the-ground understanding of challenges and opportunities in the sector. A panel discussion with these experts and non-profit entities will then explore the policies essential for the transition in African context. Ultimately the aim of the session is to spur dialogue on potential research and practice collaborations under the expansive Digital Transport for Africa (DT4A) consortium to complement its open data and transit mapping efforts.<\/p>\n<p><strong>Time:<\/strong>\u00a0October 6, 09:00-10:30 GMT<\/p>\n<p><strong>Organizers:<\/strong>\u00a0WRI, AFD<\/p>\n<p><strong>Location:<\/strong>\u00a0King Fahd Hotel<\/p>\n<p><strong>Languages:<\/strong>\u00a0French and English<\/p>\n<p><strong>Speakers:<\/strong><\/p>\n<ul>\n<li><strong>Benjamin Welle<\/strong>, Director of Integrated Transport &#038; Innovation, WRI Global<\/li>\n<li><strong>Baskin Ariadne<\/strong>, GIZ\/TUMI<\/li>\n<li><strong>Yao Amedokpo<\/strong>, Researcher, LVMT, Paris<\/li>\n<li><strong>Thinus Booysen<\/strong>, Professor, University of Stellenbosch<\/li>\n<li><strong>Antoine Chevre<\/strong>, Senior Transport Specialist, AFD<\/li>\n<li><strong>Herrie Schalekamp<\/strong>, CODATU (Moderator)<\/li>\n<\/ul>\n<h4><a href=\"https:\/\/www.climate-chance.org\/en\/schedule\/data-policy-part-digital-transport-africa\/\" target=\"_blank\" rel=\"noopener noreferrer\">Transforming Africa\u2019s Transit through the DT4A Innovation Challenge<\/a><\/h4>\n<p>The session will discuss emerging evidence from the winners of Digital Transport for Africa (DT4A) Innovation Challenge, sharing on-the-ground challenges and opportunities with the goal to make a valuable contribution towards identifying practical solutions for Africa\u2019s transit. It will also highlight the importance of providing award and grant finance to civil society actors and startups to jumpstart their projects and demonstrate impacts while the enterprises pilot-test and refine their long-term strategies and business models. Please refer to the concept note for more details.<\/p>\n<p><strong>Time:<\/strong>\u00a0October 6, 11:00-12:30 GMT<\/p>\n<p><strong>Organizers:<\/strong>\u00a0WRI, AFD<\/p>\n<p><strong>Location:<\/strong>\u00a0King Fahd Hotel<\/p>\n<p><strong>Languages:<\/strong>\u00a0French and English<\/p>\n<p><strong>Speakers:<\/strong><\/p>\n<ul>\n<li><strong>Benjamin Welle<\/strong>, Director of Integrated Transport &#038; Innovation, WRI Global<\/li>\n<li><strong>Ilham Ali<\/strong>, Principal Grant Writer &#038; Co-director, KhartouMap<\/li>\n<li><strong>Alazar Tekle<\/strong>, GIS Expert, AddisMap<\/li>\n<li><strong>Karamoko Camara<\/strong>, CEO &#038; Founder, Ewarren<\/li>\n<li><strong>Justin Coetzee<\/strong>, CEO &#038; Founder, GoMetro<\/li>\n<li><strong>Antoine Chevre<\/strong>, Senior Transport Specialist, AFD<\/li>\n<li><strong>Benjamin de la Pe\u00f1a<\/strong>, Chair, Global Partnership for Informal Transportation (Moderator)<\/li>\n<\/ul>\n<p>&nbsp;<\/p>\n<p>&nbsp;<\/p>\n","protected":false},"excerpt":{"rendered":"<p>[Cross posted from WRI Ross Center for Sustainable Cities] &nbsp; The Week for Sustainable Mobility and Climate, organized by the CODATU Association, CETUD and the Climate<span class=\"excerpt-hellip\"> [\u2026]<\/span><\/p>\n","protected":false},"author":1019,"featured_media":2454,"comment_status":"open","ping_status":"open","sticky":false,"template":"","format":"standard","meta":{"_mi_skip_tracking":false},"categories":[7,5],"tags":[],"yoast_head":"<!-- This site is optimized with the Yoast SEO plugin v19.11 - https:\/\/yoast.com\/wordpress\/plugins\/seo\/ -->\n<title>DigitalTransport4Africa (DT4A) at Sustainable Mobility and Climate Week 2022 - Digital Transport for Africa<\/title>\n<meta name=\"robots\" content=\"index, follow, max-snippet:-1, max-image-preview:large, max-video-preview:-1\" \/>\n<link rel=\"canonical\" href=\"https:\/\/digitaltransport4africa.org\/digitaltransport4africa-dt4a-at-sustainable-mobility-and-climate-week-2022\/\" \/>\n<meta property=\"og:locale\" content=\"fr_FR\" \/>\n<meta property=\"og:type\" content=\"article\" \/>\n<meta property=\"og:title\" content=\"DigitalTransport4Africa (DT4A) at Sustainable Mobility and Climate Week 2022\" \/>\n<meta property=\"og:description\" content=\"[Cross posted from WRI Ross Center for Sustainable Cities] &nbsp; The Week for Sustainable Mobility and Climate, organized by the CODATU Association, CETUD and the Climate [\u2026]\" \/>\n<meta property=\"og:url\" content=\"https:\/\/digitaltransport4africa.org\/digitaltransport4africa-dt4a-at-sustainable-mobility-and-climate-week-2022\/\" \/>\n<meta property=\"og:site_name\" content=\"Digital Transport for Africa\" \/>\n<meta property=\"article:published_time\" content=\"2022-09-26T12:30:03+00:00\" \/>\n<meta property=\"og:image\" content=\"https:\/\/digitaltransport4africa.org\/wp-content\/uploads\/2022\/03\/DT4A-1.jpg\" \/>\n\t<meta property=\"og:image:width\" content=\"1280\" \/>\n\t<meta property=\"og:image:height\" content=\"720\" \/>\n\t<meta property=\"og:image:type\" content=\"image\/jpeg\" \/>\n<meta name=\"author\" content=\"Agraw Ali\" \/>\n<meta name=\"twitter:card\" content=\"summary_large_image\" \/>\n<meta name=\"twitter:label1\" content=\"\u00c9crit par\" \/>\n\t<meta name=\"twitter:data1\" content=\"Agraw Ali\" \/>\n\t<meta name=\"twitter:label2\" content=\"Dur\u00e9e de lecture estim\u00e9e\" \/>\n\t<meta name=\"twitter:data2\" content=\"3 minutes\" \/>\n<script type=\"application\/ld+json\" class=\"yoast-schema-graph\">{\"@context\":\"https:\/\/schema.org\",\"@graph\":[{\"@type\":\"Article\",\"@id\":\"https:\/\/digitaltransport4africa.org\/digitaltransport4africa-dt4a-at-sustainable-mobility-and-climate-week-2022\/#article\",\"isPartOf\":{\"@id\":\"https:\/\/digitaltransport4africa.org\/digitaltransport4africa-dt4a-at-sustainable-mobility-and-climate-week-2022\/\"},\"author\":{\"name\":\"Agraw Ali\",\"@id\":\"https:\/\/digitaltransport4africa.org\/#\/schema\/person\/edfb857f3e6f02a48ed4bfdef2a985b2\"},\"headline\":\"DigitalTransport4Africa (DT4A) at Sustainable Mobility and Climate Week 2022\",\"datePublished\":\"2022-09-26T12:30:03+00:00\",\"dateModified\":\"2022-09-26T12:30:03+00:00\",\"mainEntityOfPage\":{\"@id\":\"https:\/\/digitaltransport4africa.org\/digitaltransport4africa-dt4a-at-sustainable-mobility-and-climate-week-2022\/\"},\"wordCount\":623,\"commentCount\":0,\"publisher\":{\"@id\":\"https:\/\/digitaltransport4africa.org\/#organization\"},\"articleSection\":[\"Announcements\",\"Events\"],\"inLanguage\":\"fr-FR\",\"potentialAction\":[{\"@type\":\"CommentAction\",\"name\":\"Comment\",\"target\":[\"https:\/\/digitaltransport4africa.org\/digitaltransport4africa-dt4a-at-sustainable-mobility-and-climate-week-2022\/#respond\"]}]},{\"@type\":\"WebPage\",\"@id\":\"https:\/\/digitaltransport4africa.org\/digitaltransport4africa-dt4a-at-sustainable-mobility-and-climate-week-2022\/\",\"url\":\"https:\/\/digitaltransport4africa.org\/digitaltransport4africa-dt4a-at-sustainable-mobility-and-climate-week-2022\/\",\"name\":\"[:en]DigitalTransport4Africa (DT4A) at Sustainable Mobility and Climate Week 2022[:] - Digital Transport for Africa\",\"isPartOf\":{\"@id\":\"https:\/\/digitaltransport4africa.org\/#website\"},\"datePublished\":\"2022-09-26T12:30:03+00:00\",\"dateModified\":\"2022-09-26T12:30:03+00:00\",\"breadcrumb\":{\"@id\":\"https:\/\/digitaltransport4africa.org\/digitaltransport4africa-dt4a-at-sustainable-mobility-and-climate-week-2022\/#breadcrumb\"},\"inLanguage\":\"fr-FR\",\"potentialAction\":[{\"@type\":\"ReadAction\",\"target\":[\"https:\/\/digitaltransport4africa.org\/digitaltransport4africa-dt4a-at-sustainable-mobility-and-climate-week-2022\/\"]}]},{\"@type\":\"BreadcrumbList\",\"@id\":\"https:\/\/digitaltransport4africa.org\/digitaltransport4africa-dt4a-at-sustainable-mobility-and-climate-week-2022\/#breadcrumb\",\"itemListElement\":[{\"@type\":\"ListItem\",\"position\":1,\"name\":\"Home\",\"item\":\"https:\/\/digitaltransport4africa.org\/\"},{\"@type\":\"ListItem\",\"position\":2,\"name\":\"DigitalTransport4Africa (DT4A) at Sustainable Mobility and Climate Week 2022\"}]},{\"@type\":\"WebSite\",\"@id\":\"https:\/\/digitaltransport4africa.org\/#website\",\"url\":\"https:\/\/digitaltransport4africa.org\/\",\"name\":\"Digital Transport for Africa\",\"description\":\"An open data platform to improve urban public transport\",\"publisher\":{\"@id\":\"https:\/\/digitaltransport4africa.org\/#organization\"},\"potentialAction\":[{\"@type\":\"SearchAction\",\"target\":{\"@type\":\"EntryPoint\",\"urlTemplate\":\"https:\/\/digitaltransport4africa.org\/?s={search_term_string}\"},\"query-input\":\"required name=search_term_string\"}],\"inLanguage\":\"fr-FR\"},{\"@type\":\"Organization\",\"@id\":\"https:\/\/digitaltransport4africa.org\/#organization\",\"name\":\"Digital Transport for Africa\",\"url\":\"https:\/\/digitaltransport4africa.org\/\",\"logo\":{\"@type\":\"ImageObject\",\"inLanguage\":\"fr-FR\",\"@id\":\"https:\/\/digitaltransport4africa.org\/#\/schema\/logo\/image\/\",\"url\":\"https:\/\/digitaltransport4africa.org\/wp-content\/uploads\/2019\/07\/cropped-dt4a_mapa_transp_HOVER.png\",\"contentUrl\":\"https:\/\/digitaltransport4africa.org\/wp-content\/uploads\/2019\/07\/cropped-dt4a_mapa_transp_HOVER.png\",\"width\":2075,\"height\":2033,\"caption\":\"Digital Transport for Africa\"},\"image\":{\"@id\":\"https:\/\/digitaltransport4africa.org\/#\/schema\/logo\/image\/\"}},{\"@type\":\"Person\",\"@id\":\"https:\/\/digitaltransport4africa.org\/#\/schema\/person\/edfb857f3e6f02a48ed4bfdef2a985b2\",\"name\":\"Agraw Ali\",\"image\":{\"@type\":\"ImageObject\",\"inLanguage\":\"fr-FR\",\"@id\":\"https:\/\/digitaltransport4africa.org\/#\/schema\/person\/image\/\",\"url\":\"https:\/\/secure.gravatar.com\/avatar\/1490d07406ed0e2b539366b2fd1cf80e?s=96&d=mm&r=g\",\"contentUrl\":\"https:\/\/secure.gravatar.com\/avatar\/1490d07406ed0e2b539366b2fd1cf80e?s=96&d=mm&r=g\",\"caption\":\"Agraw Ali\"},\"url\":\"https:\/\/digitaltransport4africa.org\/fr\/author\/agraw-ali\/\"}]}<\/script>\n<!-- \/ Yoast SEO plugin. -->","yoast_head_json":{"title":"DigitalTransport4Africa (DT4A) at Sustainable Mobility and Climate Week 2022 - Digital Transport for Africa","robots":{"index":"index","follow":"follow","max-snippet":"max-snippet:-1","max-image-preview":"max-image-preview:large","max-video-preview":"max-video-preview:-1"},"canonical":"https:\/\/digitaltransport4africa.org\/digitaltransport4africa-dt4a-at-sustainable-mobility-and-climate-week-2022\/","og_locale":"fr_FR","og_type":"article","og_title":"[:en]DigitalTransport4Africa (DT4A) at Sustainable Mobility and Climate Week 2022[:] - Digital Transport for Africa","og_description":"[Cross posted from WRI Ross Center for Sustainable Cities] &nbsp; The Week for Sustainable Mobility and Climate, organized by the CODATU Association, CETUD and the Climate [\u2026]","og_url":"https:\/\/digitaltransport4africa.org\/digitaltransport4africa-dt4a-at-sustainable-mobility-and-climate-week-2022\/","og_site_name":"Digital Transport for Africa","article_published_time":"2022-09-26T12:30:03+00:00","og_image":[{"width":1280,"height":720,"url":"https:\/\/digitaltransport4africa.org\/wp-content\/uploads\/2022\/03\/DT4A-1.jpg","type":"image\/jpeg"}],"author":"Agraw Ali","twitter_card":"summary_large_image","twitter_misc":{"\u00c9crit par":"Agraw Ali","Dur\u00e9e de lecture estim\u00e9e":"3 minutes"},"schema":{"@context":"https:\/\/schema.org","@graph":[{"@type":"Article","@id":"https:\/\/digitaltransport4africa.org\/digitaltransport4africa-dt4a-at-sustainable-mobility-and-climate-week-2022\/#article","isPartOf":{"@id":"https:\/\/digitaltransport4africa.org\/digitaltransport4africa-dt4a-at-sustainable-mobility-and-climate-week-2022\/"},"author":{"name":"Agraw Ali","@id":"https:\/\/digitaltransport4africa.org\/#\/schema\/person\/edfb857f3e6f02a48ed4bfdef2a985b2"},"headline":"DigitalTransport4Africa (DT4A) at Sustainable Mobility and Climate Week 2022","datePublished":"2022-09-26T12:30:03+00:00","dateModified":"2022-09-26T12:30:03+00:00","mainEntityOfPage":{"@id":"https:\/\/digitaltransport4africa.org\/digitaltransport4africa-dt4a-at-sustainable-mobility-and-climate-week-2022\/"},"wordCount":623,"commentCount":0,"publisher":{"@id":"https:\/\/digitaltransport4africa.org\/#organization"},"articleSection":["Announcements","Events"],"inLanguage":"fr-FR","potentialAction":[{"@type":"CommentAction","name":"Comment","target":["https:\/\/digitaltransport4africa.org\/digitaltransport4africa-dt4a-at-sustainable-mobility-and-climate-week-2022\/#respond"]}]},{"@type":"WebPage","@id":"https:\/\/digitaltransport4africa.org\/digitaltransport4africa-dt4a-at-sustainable-mobility-and-climate-week-2022\/","url":"https:\/\/digitaltransport4africa.org\/digitaltransport4africa-dt4a-at-sustainable-mobility-and-climate-week-2022\/","name":"[:en]DigitalTransport4Africa (DT4A) at Sustainable Mobility and Climate Week 2022[:] - Digital Transport for Africa","isPartOf":{"@id":"https:\/\/digitaltransport4africa.org\/#website"},"datePublished":"2022-09-26T12:30:03+00:00","dateModified":"2022-09-26T12:30:03+00:00","breadcrumb":{"@id":"https:\/\/digitaltransport4africa.org\/digitaltransport4africa-dt4a-at-sustainable-mobility-and-climate-week-2022\/#breadcrumb"},"inLanguage":"fr-FR","potentialAction":[{"@type":"ReadAction","target":["https:\/\/digitaltransport4africa.org\/digitaltransport4africa-dt4a-at-sustainable-mobility-and-climate-week-2022\/"]}]},{"@type":"BreadcrumbList","@id":"https:\/\/digitaltransport4africa.org\/digitaltransport4africa-dt4a-at-sustainable-mobility-and-climate-week-2022\/#breadcrumb","itemListElement":[{"@type":"ListItem","position":1,"name":"Home","item":"https:\/\/digitaltransport4africa.org\/"},{"@type":"ListItem","position":2,"name":"DigitalTransport4Africa (DT4A) at Sustainable Mobility and Climate Week 2022"}]},{"@type":"WebSite","@id":"https:\/\/digitaltransport4africa.org\/#website","url":"https:\/\/digitaltransport4africa.org\/","name":"Digital Transport for Africa","description":"An open data platform to improve urban public transport","publisher":{"@id":"https:\/\/digitaltransport4africa.org\/#organization"},"potentialAction":[{"@type":"SearchAction","target":{"@type":"EntryPoint","urlTemplate":"https:\/\/digitaltransport4africa.org\/?s={search_term_string}"},"query-input":"required name=search_term_string"}],"inLanguage":"fr-FR"},{"@type":"Organization","@id":"https:\/\/digitaltransport4africa.org\/#organization","name":"Digital Transport for Africa","url":"https:\/\/digitaltransport4africa.org\/","logo":{"@type":"ImageObject","inLanguage":"fr-FR","@id":"https:\/\/digitaltransport4africa.org\/#\/schema\/logo\/image\/","url":"https:\/\/digitaltransport4africa.org\/wp-content\/uploads\/2019\/07\/cropped-dt4a_mapa_transp_HOVER.png","contentUrl":"https:\/\/digitaltransport4africa.org\/wp-content\/uploads\/2019\/07\/cropped-dt4a_mapa_transp_HOVER.png","width":2075,"height":2033,"caption":"Digital Transport for Africa"},"image":{"@id":"https:\/\/digitaltransport4africa.org\/#\/schema\/logo\/image\/"}},{"@type":"Person","@id":"https:\/\/digitaltransport4africa.org\/#\/schema\/person\/edfb857f3e6f02a48ed4bfdef2a985b2","name":"Agraw Ali","image":{"@type":"ImageObject","inLanguage":"fr-FR","@id":"https:\/\/digitaltransport4africa.org\/#\/schema\/person\/image\/","url":"https:\/\/secure.gravatar.com\/avatar\/1490d07406ed0e2b539366b2fd1cf80e?s=96&d=mm&r=g","contentUrl":"https:\/\/secure.gravatar.com\/avatar\/1490d07406ed0e2b539366b2fd1cf80e?s=96&d=mm&r=g","caption":"Agraw Ali"},"url":"https:\/\/digitaltransport4africa.org\/fr\/author\/agraw-ali\/"}]}},"_links":{"self":[{"href":"https:\/\/digitaltransport4africa.org\/fr\/wp-json\/wp\/v2\/posts\/2665"}],"collection":[{"href":"https:\/\/digitaltransport4africa.org\/fr\/wp-json\/wp\/v2\/posts"}],"about":[{"href":"https:\/\/digitaltransport4africa.org\/fr\/wp-json\/wp\/v2\/types\/post"}],"author":[{"embeddable":true,"href":"https:\/\/digitaltransport4africa.org\/fr\/wp-json\/wp\/v2\/users\/1019"}],"replies":[{"embeddable":true,"href":"https:\/\/digitaltransport4africa.org\/fr\/wp-json\/wp\/v2\/comments?post=2665"}],"version-history":[{"count":2,"href":"https:\/\/digitaltransport4africa.org\/fr\/wp-json\/wp\/v2\/posts\/2665\/revisions"}],"predecessor-version":[{"id":2667,"href":"https:\/\/digitaltransport4africa.org\/fr\/wp-json\/wp\/v2\/posts\/2665\/revisions\/2667"}],"wp:featuredmedia":[{"embeddable":true,"href":"https:\/\/digitaltransport4africa.org\/fr\/wp-json\/wp\/v2\/media\/2454"}],"wp:attachment":[{"href":"https:\/\/digitaltransport4africa.org\/fr\/wp-json\/wp\/v2\/media?parent=2665"}],"wp:term":[{"taxonomy":"category","embeddable":true,"href":"https:\/\/digitaltransport4africa.org\/fr\/wp-json\/wp\/v2\/categories?post=2665"},{"taxonomy":"post_tag","embeddable":true,"href":"https:\/\/digitaltransport4africa.org\/fr\/wp-json\/wp\/v2\/tags?post=2665"}],"curies":[{"name":"wp","href":"https:\/\/api.w.org\/{rel}","templated":true}]}}